{"id":193,"__str__":"Mo\u00e7\u00e3o n\u00ba 2 de 2026","link_detail_backend":"/materia/193","metadata":{},"numero":2,"ano":2026,"numero_protocolo":5,"data_apresentacao":"2026-04-13","tipo_apresentacao":"E","data_publicacao":null,"numero_origem_externa":"","ano_origem_externa":null,"data_origem_externa":null,"apelido":"Compor de Bombeiros","dias_prazo":null,"data_fim_prazo":null,"em_tramitacao":true,"polemica":false,"objeto":"","complementar":false,"ementa":"Requerimento n\u00ba 001/2026 - Camila Loyola Daneluz: Mo\u00e7\u00e3o de Aplausos ao Posto de Brigada Comunit\u00e1ria de Clevel\u00e2ndia/PR.","indexacao":"Corpo de Bombeiros; Mo\u00e7\u00e3o de Aplauso;","observacao":"Requerimento n\u00ba 001/2026 - Camila Loyola Daneluz","resultado":"","texto_original":"http://sapl.clevelandia.pr.leg.br/media/sapl/public/materialegislativa/2026/193/mocao_de_aplauso_002-2026_-_brigada__comunitaria.pdf","data_ultima_atualizacao":"2026-04-28T07:49:24.839041-03:00","ip":"170.0.168.32","ultima_edicao":"2026-04-24T12:23:39.730228-03:00","tipo":22,"regime_tramitacao":3,"tipo_origem_externa":null,"local_origem_externa":null,"user":10,"anexadas":[],"autores":[38,39,41,42]}