{"id":79,"__str__":"Projeto de Lei Ordin\u00e1ria n\u00ba 18 de 2024","link_detail_backend":"/materia/79","metadata":{},"numero":18,"ano":2024,"numero_protocolo":null,"data_apresentacao":"2024-06-24","tipo_apresentacao":"E","data_publicacao":null,"numero_origem_externa":"","ano_origem_externa":null,"data_origem_externa":null,"apelido":"","dias_prazo":null,"data_fim_prazo":null,"em_tramitacao":false,"polemica":false,"objeto":"","complementar":false,"ementa":"Disp\u00f5e sobre a denomina\u00e7\u00e3o da pra\u00e7a localizada Rua Sete de Setembro entre as ruas Duque de Caxias e Tiradentes, no bairro Claret, com \u00e1rea total de 3.600 metros quadrados e d\u00e1 outras provid\u00eancias","indexacao":"","observacao":"","resultado":"","texto_original":"http://sapl.clevelandia.pr.leg.br/media/sapl/public/materialegislativa/2024/79/projeto_de_lei_-praca_claret.docx","data_ultima_atualizacao":"2024-06-25T09:32:24.560853-03:00","ip":"170.0.168.32","ultima_edicao":"2024-06-25T09:31:20.836194-03:00","tipo":9,"regime_tramitacao":3,"tipo_origem_externa":null,"local_origem_externa":null,"user":2,"anexadas":[],"autores":[21]}