{"id":19,"__str__":"Deia da Van (5\u00ba orador)","link_detail_backend":"/sessao/oradorexpediente/19","metadata":{},"numero_ordem":5,"url_discurso":"","observacao":"Req. Verbal para Convoca\u00e7\u00e3o da Senhora Andrea Batistela; Esclarecimento Sobre a Demora das Respostas do Executivo; Req. Verbal Ilumina\u00e7\u00e3o P\u00fablica.","upload_anexo":null,"sessao_plenaria":206,"parlamentar":11}